{"id":1417,"date":"2022-09-30T15:16:01","date_gmt":"2022-09-30T15:16:01","guid":{"rendered":"https:\/\/afinsuministros.cl\/?p=1417"},"modified":"2022-09-30T15:20:10","modified_gmt":"2022-09-30T15:20:10","slug":"caracteristicas-de-barrera-de-contencion-vial","status":"publish","type":"post","link":"https:\/\/afinsuministros.cl\/en\/caracteristicas-de-barrera-de-contencion-vial\/","title":{"rendered":"Caracter\u00edsticas de barrera de contenci\u00f3n vial"},"content":{"rendered":"<h2 class=\"wp-block-heading\">Todo en caracter\u00edsticas de barrera de contenci\u00f3n vial para que encuentres la que realmente necesites<\/h2><p>\u00bfNecesitas informaci\u00f3n sobre caracter\u00edsticas de barrera de contenci\u00f3n vial de contenci\u00f3n vial? nosotros te podemos ayudar para resolver todas las dudas que tengas.<\/p><h2 class=\"wp-block-heading\"><a href=\"https:\/\/afinsuministros.cl\/en\/barreras-de-contencion-certificadas\/\">Para ver todas nuestras barreras ingresa AQU\u00cd<\/a><\/h2><h3 class=\"wp-block-heading\">\u00bfC\u00f3mo contactarnos?<\/h3><p>Puedes contactarnos escribi\u00e9ndonos a nuestro correo contacto@afinsuministros.cl o ingresar haciendo&nbsp;<a href=\"https:\/\/afinsuministros.cl\/en\/contacto\/\">CLICK HERE&nbsp;<\/a>para preguntarnos lo que quieras, pedir presupuesto, consultar acerca de alg\u00fan producto o comenzar alguna obra.<\/p><figure class=\"wp-block-image size-full\"><img loading=\"lazy\" decoding=\"async\" width=\"900\" height=\"785\" src=\"https:\/\/afinsuministros.cl\/wp-content\/uploads\/2022\/09\/Caracteristicas-de-barrera-de-contencion-vial.jpg\" alt=\"Caracter\u00edsticas-de-barrera-de-contenci\u00f3n-vial\" class=\"wp-image-1419\" srcset=\"https:\/\/afinsuministros.cl\/wp-content\/uploads\/2022\/09\/Caracteristicas-de-barrera-de-contencion-vial.jpg 900w, https:\/\/afinsuministros.cl\/wp-content\/uploads\/2022\/09\/Caracteristicas-de-barrera-de-contencion-vial-300x262.jpg 300w, https:\/\/afinsuministros.cl\/wp-content\/uploads\/2022\/09\/Caracteristicas-de-barrera-de-contencion-vial-768x670.jpg 768w, https:\/\/afinsuministros.cl\/wp-content\/uploads\/2022\/09\/Caracteristicas-de-barrera-de-contencion-vial-14x12.jpg 14w, https:\/\/afinsuministros.cl\/wp-content\/uploads\/2022\/09\/Caracteristicas-de-barrera-de-contencion-vial-600x523.jpg 600w\" sizes=\"(max-width: 900px) 100vw, 900px\" \/><figcaption>Caracter\u00edsticas-de-barrera-de-contenci\u00f3n-vial Chile<\/figcaption><\/figure><h2 class=\"wp-block-heading\">Qu\u00e9 tipos de barreras disponemos<\/h2><h3 class=\"wp-block-heading\">Barreras met\u00e1licas doble onda<\/h3><p>Defensas viales de doble onda compuestas de acero que tienen el prop\u00f3sito de aumentar la seguridad en las carreteras y reducir la gravedad de los accidentes.<\/p><p>Las defensas camineras doble onda funcionan como una gran viga continua soportada por apoyos (postes), distanciados seg\u00fan las tipolog\u00edas y normativas vigentes, acorde al Manual de Carretera y norma NCH 2123 of. 99.<\/p><h3 class=\"wp-block-heading\">Barreras met\u00e1licas triple onda<\/h3><p>Sistema elaborado en acero cuyo prop\u00f3sito es aumentar la seguridad en las carreteras, reduciendo la gravedad de los accidentes.<\/p><p>Las Defensas Camineras de Triple Onda funcionan como una gran viga continua, soportada por apoyos (postes), distanciados seg\u00fan tipolog\u00edas y normativas vigentes, acorde al Manual de Carreteras.<\/p><figure class=\"wp-block-image size-full\"><img loading=\"lazy\" decoding=\"async\" width=\"900\" height=\"600\" src=\"https:\/\/afinsuministros.cl\/wp-content\/uploads\/2022\/09\/Obra-instalacion-barrera-de-contencion-vial.jpg\" alt=\"Obra-instalaci\u00f3n-barrera-de-contenci\u00f3n-vial\" class=\"wp-image-1421\" srcset=\"https:\/\/afinsuministros.cl\/wp-content\/uploads\/2022\/09\/Obra-instalacion-barrera-de-contencion-vial.jpg 900w, https:\/\/afinsuministros.cl\/wp-content\/uploads\/2022\/09\/Obra-instalacion-barrera-de-contencion-vial-300x200.jpg 300w, https:\/\/afinsuministros.cl\/wp-content\/uploads\/2022\/09\/Obra-instalacion-barrera-de-contencion-vial-768x512.jpg 768w, https:\/\/afinsuministros.cl\/wp-content\/uploads\/2022\/09\/Obra-instalacion-barrera-de-contencion-vial-18x12.jpg 18w, https:\/\/afinsuministros.cl\/wp-content\/uploads\/2022\/09\/Obra-instalacion-barrera-de-contencion-vial-600x400.jpg 600w\" sizes=\"(max-width: 900px) 100vw, 900px\" \/><figcaption>Obra-instalaci\u00f3n-barrera-de-contenci\u00f3n-vial<\/figcaption><\/figure><h2 class=\"wp-block-heading\"><strong>Metodolog\u00eda de Montaje<\/strong><\/h2><p>Para el montaje de cada tramo indicado en la monograf\u00eda definida, se debe cumplir con las&nbsp;siguientes etapas:<\/p><ul class=\"wp-block-list\"><li>- &nbsp;Instalaci\u00f3n del esquema de seguridad: seg\u00fan las condiciones de terreno y el procedi-&nbsp;miento de trabajo del contratista certificado.<\/li><li>- &nbsp;Trazar tramo, corresponde a la definici\u00f3n del trazado en terreno seg\u00fan monograf\u00eda.<\/li><li>- &nbsp;Presentar insumos de defensa en trazado. Simular el montaje de defensa por un costado&nbsp;del trazado con el fin de indicar la ubicaci\u00f3n de los postes.<\/li><li>- &nbsp;Hincar postes: colocar el martinete en la posici\u00f3n exacta donde se debe hincar el poste luego elevar el martillo hasta permitir la posici\u00f3n del poste bajo la placa de golpeo, hincar el primer poste hasta la profundidad indicada en el punto&nbsp;3.1 \u201cAlturas e Inclinaci\u00f3n de Instalaci\u00f3n\u201d. Se eleva el martillo, avanzar con el cami\u00f3n hasta alcanzar lo posici\u00f3n id\u00f3nea para hincar el poste sucesivo, a continuaci\u00f3n repetir la operaci\u00f3n.<\/li><li>- &nbsp;Montar la defensa: corresponde a instalar el separador en el poste para luego montar y traslapar la defensa dando continuidad al sistema de contenci\u00f3n.<\/li><li>- &nbsp;Colocar accesorios, instalaci\u00f3n de Ojos de Gato, Pernos, Arandelas, Conectores, Termi- nales, seg\u00fan corresponda.<\/li><li>- &nbsp;Apretar pernos seg\u00fan indicaciones dadas en el punto&nbsp;3.5 \u201cEmpernado\u201d.<\/li><li>- &nbsp;Listas de Chequeos correspondientes para verificar los trabajos ejecutados de antemano.<\/li><\/ul><h3 class=\"wp-block-heading\">Remember our contact<\/h3><p>Remember that you can write directly to us at contacto@afinsuministros.cl or do the following&nbsp;<a href=\"https:\/\/afinsuministros.cl\/en\/contacto\/\">CLICK HERE<\/a><\/p><h3 class=\"wp-block-heading\">Nuestras Redes Sociales<\/h3><p>Si aun tienes dudas de lo que hacemos, puedes revisar nuestras redes sociales como LinkedIN o Instagram, en el que podr\u00e1s estar actualizado con todas las obras que estamos desarrollando en la actualidad.<\/p><p><strong><em>Nuestras Redes Sociales &nbsp;<a href=\"https:\/\/www.linkedin.com\/company\/73965968\/admin\/\">LinkedIn<\/a>&nbsp;\u2013&nbsp;<a href=\"https:\/\/www.instagram.com\/afin_suministros\/\">Instagram<\/a><\/em><\/strong><\/p>","protected":false},"excerpt":{"rendered":"<p>Todo en caracter\u00edsticas de barrera de contenci\u00f3n vial para que encuentres la que realmente necesites<\/p>","protected":false},"author":1,"featured_media":1423,"comment_status":"open","ping_status":"open","sticky":false,"template":"","format":"standard","meta":{"footnotes":""},"categories":[6],"tags":[],"class_list":["post-1417","post","type-post","status-publish","format-standard","has-post-thumbnail","hentry","category-seguridad-vial"],"yoast_head":"<!-- This site is optimized with the Yoast SEO plugin v25.6 - https:\/\/yoast.com\/wordpress\/plugins\/seo\/ -->\n<title>Caracter\u00edsticas de barrera de contenci\u00f3n vial - AFIN Suministros<\/title>\n<meta name=\"description\" content=\"TODAS las Caracter\u00edsticas de barrera de contenci\u00f3n vial \u2705 En AFIN suministros disponemos de lo necesario las calles de esta hermosa ciudad\" \/>\n<meta name=\"robots\" content=\"index, follow, max-snippet:-1, max-image-preview:large, max-video-preview:-1\" \/>\n<link rel=\"canonical\" href=\"https:\/\/afinsuministros.cl\/en\/caracteristicas-de-barrera-de-contencion-vial\/\" \/>\n<meta property=\"og:locale\" content=\"en_US\" \/>\n<meta property=\"og:type\" content=\"article\" \/>\n<meta property=\"og:title\" content=\"Caracter\u00edsticas de barrera de contenci\u00f3n vial - AFIN Suministros\" \/>\n<meta property=\"og:description\" content=\"TODAS las Caracter\u00edsticas de barrera de contenci\u00f3n vial \u2705 En AFIN suministros disponemos de lo necesario las calles de esta hermosa ciudad\" \/>\n<meta property=\"og:url\" content=\"https:\/\/afinsuministros.cl\/en\/caracteristicas-de-barrera-de-contencion-vial\/\" \/>\n<meta property=\"og:site_name\" content=\"AFIN Suministros\" \/>\n<meta property=\"article:published_time\" content=\"2022-09-30T15:16:01+00:00\" \/>\n<meta property=\"article:modified_time\" content=\"2022-09-30T15:20:10+00:00\" \/>\n<meta property=\"og:image\" content=\"https:\/\/afinsuministros.cl\/wp-content\/uploads\/2022\/09\/Caracteri\u0301sticas-de-barrera-de-contencio\u0301n-vial-Portada.jpg\" \/>\n\t<meta property=\"og:image:width\" content=\"900\" \/>\n\t<meta property=\"og:image:height\" content=\"873\" \/>\n\t<meta property=\"og:image:type\" content=\"image\/jpeg\" \/>\n<meta name=\"author\" content=\"afinadmin\" \/>\n<meta name=\"twitter:card\" content=\"summary_large_image\" \/>\n<meta name=\"twitter:label1\" content=\"Written by\" \/>\n\t<meta name=\"twitter:data1\" content=\"afinadmin\" \/>\n\t<meta name=\"twitter:label2\" content=\"Est. reading time\" \/>\n\t<meta name=\"twitter:data2\" content=\"3 minutes\" \/>\n<script type=\"application\/ld+json\" class=\"yoast-schema-graph\">{\"@context\":\"https:\/\/schema.org\",\"@graph\":[{\"@type\":\"Article\",\"@id\":\"https:\/\/afinsuministros.cl\/caracteristicas-de-barrera-de-contencion-vial\/#article\",\"isPartOf\":{\"@id\":\"https:\/\/afinsuministros.cl\/caracteristicas-de-barrera-de-contencion-vial\/\"},\"author\":{\"name\":\"afinadmin\",\"@id\":\"https:\/\/afinsuministros.cl\/#\/schema\/person\/35c87c09023694a30e8d1183a3250f81\"},\"headline\":\"Caracter\u00edsticas de barrera de contenci\u00f3n vial\",\"datePublished\":\"2022-09-30T15:16:01+00:00\",\"dateModified\":\"2022-09-30T15:20:10+00:00\",\"mainEntityOfPage\":{\"@id\":\"https:\/\/afinsuministros.cl\/caracteristicas-de-barrera-de-contencion-vial\/\"},\"wordCount\":536,\"commentCount\":0,\"publisher\":{\"@id\":\"https:\/\/afinsuministros.cl\/#organization\"},\"image\":{\"@id\":\"https:\/\/afinsuministros.cl\/caracteristicas-de-barrera-de-contencion-vial\/#primaryimage\"},\"thumbnailUrl\":\"https:\/\/afinsuministros.cl\/wp-content\/uploads\/2022\/09\/Caracteri\u0301sticas-de-barrera-de-contencio\u0301n-vial-Portada.jpg\",\"articleSection\":[\"Seguridad Vial\"],\"inLanguage\":\"en-US\",\"potentialAction\":[{\"@type\":\"CommentAction\",\"name\":\"Comment\",\"target\":[\"https:\/\/afinsuministros.cl\/caracteristicas-de-barrera-de-contencion-vial\/#respond\"]}]},{\"@type\":\"WebPage\",\"@id\":\"https:\/\/afinsuministros.cl\/caracteristicas-de-barrera-de-contencion-vial\/\",\"url\":\"https:\/\/afinsuministros.cl\/caracteristicas-de-barrera-de-contencion-vial\/\",\"name\":\"Caracter\u00edsticas de barrera de contenci\u00f3n vial - AFIN Suministros\",\"isPartOf\":{\"@id\":\"https:\/\/afinsuministros.cl\/#website\"},\"primaryImageOfPage\":{\"@id\":\"https:\/\/afinsuministros.cl\/caracteristicas-de-barrera-de-contencion-vial\/#primaryimage\"},\"image\":{\"@id\":\"https:\/\/afinsuministros.cl\/caracteristicas-de-barrera-de-contencion-vial\/#primaryimage\"},\"thumbnailUrl\":\"https:\/\/afinsuministros.cl\/wp-content\/uploads\/2022\/09\/Caracteri\u0301sticas-de-barrera-de-contencio\u0301n-vial-Portada.jpg\",\"datePublished\":\"2022-09-30T15:16:01+00:00\",\"dateModified\":\"2022-09-30T15:20:10+00:00\",\"description\":\"TODAS las Caracter\u00edsticas de barrera de contenci\u00f3n vial \u2705 En AFIN suministros disponemos de lo necesario las calles de esta hermosa ciudad\",\"breadcrumb\":{\"@id\":\"https:\/\/afinsuministros.cl\/caracteristicas-de-barrera-de-contencion-vial\/#breadcrumb\"},\"inLanguage\":\"en-US\",\"potentialAction\":[{\"@type\":\"ReadAction\",\"target\":[\"https:\/\/afinsuministros.cl\/caracteristicas-de-barrera-de-contencion-vial\/\"]}]},{\"@type\":\"ImageObject\",\"inLanguage\":\"en-US\",\"@id\":\"https:\/\/afinsuministros.cl\/caracteristicas-de-barrera-de-contencion-vial\/#primaryimage\",\"url\":\"https:\/\/afinsuministros.cl\/wp-content\/uploads\/2022\/09\/Caracteri\u0301sticas-de-barrera-de-contencio\u0301n-vial-Portada.jpg\",\"contentUrl\":\"https:\/\/afinsuministros.cl\/wp-content\/uploads\/2022\/09\/Caracteri\u0301sticas-de-barrera-de-contencio\u0301n-vial-Portada.jpg\",\"width\":900,\"height\":873,\"caption\":\"Empresa de seguridad vial en Pisco Elqui\"},{\"@type\":\"BreadcrumbList\",\"@id\":\"https:\/\/afinsuministros.cl\/caracteristicas-de-barrera-de-contencion-vial\/#breadcrumb\",\"itemListElement\":[{\"@type\":\"ListItem\",\"position\":1,\"name\":\"Portada\",\"item\":\"https:\/\/afinsuministros.cl\/\"},{\"@type\":\"ListItem\",\"position\":2,\"name\":\"Caracter\u00edsticas de barrera de contenci\u00f3n vial\"}]},{\"@type\":\"WebSite\",\"@id\":\"https:\/\/afinsuministros.cl\/#website\",\"url\":\"https:\/\/afinsuministros.cl\/\",\"name\":\"AFIN Suministros\",\"description\":\"Lo mejor en suministros de construcci\u00f3n\",\"publisher\":{\"@id\":\"https:\/\/afinsuministros.cl\/#organization\"},\"potentialAction\":[{\"@type\":\"SearchAction\",\"target\":{\"@type\":\"EntryPoint\",\"urlTemplate\":\"https:\/\/afinsuministros.cl\/?s={search_term_string}\"},\"query-input\":{\"@type\":\"PropertyValueSpecification\",\"valueRequired\":true,\"valueName\":\"search_term_string\"}}],\"inLanguage\":\"en-US\"},{\"@type\":\"Organization\",\"@id\":\"https:\/\/afinsuministros.cl\/#organization\",\"name\":\"AFIN Suministros\",\"url\":\"https:\/\/afinsuministros.cl\/\",\"logo\":{\"@type\":\"ImageObject\",\"inLanguage\":\"en-US\",\"@id\":\"https:\/\/afinsuministros.cl\/#\/schema\/logo\/image\/\",\"url\":\"https:\/\/afinsuministros.cl\/wp-content\/uploads\/2020\/11\/cropped-Logo-e1606193532755.png\",\"contentUrl\":\"https:\/\/afinsuministros.cl\/wp-content\/uploads\/2020\/11\/cropped-Logo-e1606193532755.png\",\"width\":200,\"height\":64,\"caption\":\"AFIN Suministros\"},\"image\":{\"@id\":\"https:\/\/afinsuministros.cl\/#\/schema\/logo\/image\/\"}},{\"@type\":\"Person\",\"@id\":\"https:\/\/afinsuministros.cl\/#\/schema\/person\/35c87c09023694a30e8d1183a3250f81\",\"name\":\"afinadmin\",\"image\":{\"@type\":\"ImageObject\",\"inLanguage\":\"en-US\",\"@id\":\"https:\/\/afinsuministros.cl\/#\/schema\/person\/image\/\",\"url\":\"https:\/\/secure.gravatar.com\/avatar\/f457a354c85c8dc614a750707dddce3e?s=96&d=mm&r=g\",\"contentUrl\":\"https:\/\/secure.gravatar.com\/avatar\/f457a354c85c8dc614a750707dddce3e?s=96&d=mm&r=g\",\"caption\":\"afinadmin\"},\"sameAs\":[\"https:\/\/afinsuministros.cl\"],\"url\":\"https:\/\/afinsuministros.cl\/en\/author\/afinadmin\/\"}]}<\/script>\n<!-- \/ Yoast SEO plugin. -->","yoast_head_json":{"title":"Caracter\u00edsticas de barrera de contenci\u00f3n vial - AFIN Suministros","description":"TODAS las Caracter\u00edsticas de barrera de contenci\u00f3n vial \u2705 En AFIN suministros disponemos de lo necesario las calles de esta hermosa ciudad","robots":{"index":"index","follow":"follow","max-snippet":"max-snippet:-1","max-image-preview":"max-image-preview:large","max-video-preview":"max-video-preview:-1"},"canonical":"https:\/\/afinsuministros.cl\/en\/caracteristicas-de-barrera-de-contencion-vial\/","og_locale":"en_US","og_type":"article","og_title":"Caracter\u00edsticas de barrera de contenci\u00f3n vial - AFIN Suministros","og_description":"TODAS las Caracter\u00edsticas de barrera de contenci\u00f3n vial \u2705 En AFIN suministros disponemos de lo necesario las calles de esta hermosa ciudad","og_url":"https:\/\/afinsuministros.cl\/en\/caracteristicas-de-barrera-de-contencion-vial\/","og_site_name":"AFIN Suministros","article_published_time":"2022-09-30T15:16:01+00:00","article_modified_time":"2022-09-30T15:20:10+00:00","og_image":[{"width":900,"height":873,"url":"https:\/\/afinsuministros.cl\/wp-content\/uploads\/2022\/09\/Caracteri\u0301sticas-de-barrera-de-contencio\u0301n-vial-Portada.jpg","type":"image\/jpeg"}],"author":"afinadmin","twitter_card":"summary_large_image","twitter_misc":{"Written by":"afinadmin","Est. reading time":"3 minutes"},"schema":{"@context":"https:\/\/schema.org","@graph":[{"@type":"Article","@id":"https:\/\/afinsuministros.cl\/caracteristicas-de-barrera-de-contencion-vial\/#article","isPartOf":{"@id":"https:\/\/afinsuministros.cl\/caracteristicas-de-barrera-de-contencion-vial\/"},"author":{"name":"afinadmin","@id":"https:\/\/afinsuministros.cl\/#\/schema\/person\/35c87c09023694a30e8d1183a3250f81"},"headline":"Caracter\u00edsticas de barrera de contenci\u00f3n vial","datePublished":"2022-09-30T15:16:01+00:00","dateModified":"2022-09-30T15:20:10+00:00","mainEntityOfPage":{"@id":"https:\/\/afinsuministros.cl\/caracteristicas-de-barrera-de-contencion-vial\/"},"wordCount":536,"commentCount":0,"publisher":{"@id":"https:\/\/afinsuministros.cl\/#organization"},"image":{"@id":"https:\/\/afinsuministros.cl\/caracteristicas-de-barrera-de-contencion-vial\/#primaryimage"},"thumbnailUrl":"https:\/\/afinsuministros.cl\/wp-content\/uploads\/2022\/09\/Caracteri\u0301sticas-de-barrera-de-contencio\u0301n-vial-Portada.jpg","articleSection":["Seguridad Vial"],"inLanguage":"en-US","potentialAction":[{"@type":"CommentAction","name":"Comment","target":["https:\/\/afinsuministros.cl\/caracteristicas-de-barrera-de-contencion-vial\/#respond"]}]},{"@type":"WebPage","@id":"https:\/\/afinsuministros.cl\/caracteristicas-de-barrera-de-contencion-vial\/","url":"https:\/\/afinsuministros.cl\/caracteristicas-de-barrera-de-contencion-vial\/","name":"Caracter\u00edsticas de barrera de contenci\u00f3n vial - AFIN Suministros","isPartOf":{"@id":"https:\/\/afinsuministros.cl\/#website"},"primaryImageOfPage":{"@id":"https:\/\/afinsuministros.cl\/caracteristicas-de-barrera-de-contencion-vial\/#primaryimage"},"image":{"@id":"https:\/\/afinsuministros.cl\/caracteristicas-de-barrera-de-contencion-vial\/#primaryimage"},"thumbnailUrl":"https:\/\/afinsuministros.cl\/wp-content\/uploads\/2022\/09\/Caracteri\u0301sticas-de-barrera-de-contencio\u0301n-vial-Portada.jpg","datePublished":"2022-09-30T15:16:01+00:00","dateModified":"2022-09-30T15:20:10+00:00","description":"TODAS las Caracter\u00edsticas de barrera de contenci\u00f3n vial \u2705 En AFIN suministros disponemos de lo necesario las calles de esta hermosa ciudad","breadcrumb":{"@id":"https:\/\/afinsuministros.cl\/caracteristicas-de-barrera-de-contencion-vial\/#breadcrumb"},"inLanguage":"en-US","potentialAction":[{"@type":"ReadAction","target":["https:\/\/afinsuministros.cl\/caracteristicas-de-barrera-de-contencion-vial\/"]}]},{"@type":"ImageObject","inLanguage":"en-US","@id":"https:\/\/afinsuministros.cl\/caracteristicas-de-barrera-de-contencion-vial\/#primaryimage","url":"https:\/\/afinsuministros.cl\/wp-content\/uploads\/2022\/09\/Caracteri\u0301sticas-de-barrera-de-contencio\u0301n-vial-Portada.jpg","contentUrl":"https:\/\/afinsuministros.cl\/wp-content\/uploads\/2022\/09\/Caracteri\u0301sticas-de-barrera-de-contencio\u0301n-vial-Portada.jpg","width":900,"height":873,"caption":"Empresa de seguridad vial en Pisco Elqui"},{"@type":"BreadcrumbList","@id":"https:\/\/afinsuministros.cl\/caracteristicas-de-barrera-de-contencion-vial\/#breadcrumb","itemListElement":[{"@type":"ListItem","position":1,"name":"Portada","item":"https:\/\/afinsuministros.cl\/"},{"@type":"ListItem","position":2,"name":"Caracter\u00edsticas de barrera de contenci\u00f3n vial"}]},{"@type":"WebSite","@id":"https:\/\/afinsuministros.cl\/#website","url":"https:\/\/afinsuministros.cl\/","name":"AFIN Suministros","description":"Lo mejor en suministros de construcci\u00f3n","publisher":{"@id":"https:\/\/afinsuministros.cl\/#organization"},"potentialAction":[{"@type":"SearchAction","target":{"@type":"EntryPoint","urlTemplate":"https:\/\/afinsuministros.cl\/?s={search_term_string}"},"query-input":{"@type":"PropertyValueSpecification","valueRequired":true,"valueName":"search_term_string"}}],"inLanguage":"en-US"},{"@type":"Organization","@id":"https:\/\/afinsuministros.cl\/#organization","name":"AFIN Suministros","url":"https:\/\/afinsuministros.cl\/","logo":{"@type":"ImageObject","inLanguage":"en-US","@id":"https:\/\/afinsuministros.cl\/#\/schema\/logo\/image\/","url":"https:\/\/afinsuministros.cl\/wp-content\/uploads\/2020\/11\/cropped-Logo-e1606193532755.png","contentUrl":"https:\/\/afinsuministros.cl\/wp-content\/uploads\/2020\/11\/cropped-Logo-e1606193532755.png","width":200,"height":64,"caption":"AFIN Suministros"},"image":{"@id":"https:\/\/afinsuministros.cl\/#\/schema\/logo\/image\/"}},{"@type":"Person","@id":"https:\/\/afinsuministros.cl\/#\/schema\/person\/35c87c09023694a30e8d1183a3250f81","name":"afinadmin","image":{"@type":"ImageObject","inLanguage":"en-US","@id":"https:\/\/afinsuministros.cl\/#\/schema\/person\/image\/","url":"https:\/\/secure.gravatar.com\/avatar\/f457a354c85c8dc614a750707dddce3e?s=96&d=mm&r=g","contentUrl":"https:\/\/secure.gravatar.com\/avatar\/f457a354c85c8dc614a750707dddce3e?s=96&d=mm&r=g","caption":"afinadmin"},"sameAs":["https:\/\/afinsuministros.cl"],"url":"https:\/\/afinsuministros.cl\/en\/author\/afinadmin\/"}]}},"_links":{"self":[{"href":"https:\/\/afinsuministros.cl\/en\/wp-json\/wp\/v2\/posts\/1417"}],"collection":[{"href":"https:\/\/afinsuministros.cl\/en\/wp-json\/wp\/v2\/posts"}],"about":[{"href":"https:\/\/afinsuministros.cl\/en\/wp-json\/wp\/v2\/types\/post"}],"author":[{"embeddable":true,"href":"https:\/\/afinsuministros.cl\/en\/wp-json\/wp\/v2\/users\/1"}],"replies":[{"embeddable":true,"href":"https:\/\/afinsuministros.cl\/en\/wp-json\/wp\/v2\/comments?post=1417"}],"version-history":[{"count":2,"href":"https:\/\/afinsuministros.cl\/en\/wp-json\/wp\/v2\/posts\/1417\/revisions"}],"predecessor-version":[{"id":1422,"href":"https:\/\/afinsuministros.cl\/en\/wp-json\/wp\/v2\/posts\/1417\/revisions\/1422"}],"wp:featuredmedia":[{"embeddable":true,"href":"https:\/\/afinsuministros.cl\/en\/wp-json\/wp\/v2\/media\/1423"}],"wp:attachment":[{"href":"https:\/\/afinsuministros.cl\/en\/wp-json\/wp\/v2\/media?parent=1417"}],"wp:term":[{"taxonomy":"category","embeddable":true,"href":"https:\/\/afinsuministros.cl\/en\/wp-json\/wp\/v2\/categories?post=1417"},{"taxonomy":"post_tag","embeddable":true,"href":"https:\/\/afinsuministros.cl\/en\/wp-json\/wp\/v2\/tags?post=1417"}],"curies":[{"name":"wp","href":"https:\/\/api.w.org\/{rel}","templated":true}]}}