{"id":1892,"date":"2024-03-04T21:35:41","date_gmt":"2024-03-04T21:35:41","guid":{"rendered":"https:\/\/afinsuministros.cl\/?p=1892"},"modified":"2024-03-10T20:30:37","modified_gmt":"2024-03-10T20:30:37","slug":"senaletica-de-transito-vehicular-2","status":"publish","type":"post","link":"https:\/\/afinsuministros.cl\/en\/senaletica-de-transito-vehicular-2\/","title":{"rendered":"Se\u00f1al\u00e9tica de Tr\u00e1nsito Vehicular"},"content":{"rendered":"<h2 class=\"wp-block-heading\"><strong><br>Se\u00f1al\u00e9tica de Tr\u00e1nsito Vehicular: Navegando por las Reglas de la Carretera<\/strong><\/h2><p>La se\u00f1al\u00e9tica de tr\u00e1nsito vehicular juega un papel fundamental en nuestras vidas diarias, gui\u00e1ndonos y garantizando la seguridad en las carreteras. Estos letreros y s\u00edmbolos proporcionan informaci\u00f3n esencial que todos los conductores deben comprender para evitar confusiones y accidentes. A lo largo de este art\u00edculo, exploraremos la importancia de la se\u00f1al\u00e9tica de tr\u00e1nsito y desentra\u00f1aremos algunos de sus elementos clave.<\/p><h3 class=\"wp-block-heading\"><strong>\u00bfQu\u00e9 es la Se\u00f1al\u00e9tica de Tr\u00e1nsito Vehicular?<\/strong><\/h3><p>La se\u00f1al\u00e9tica de tr\u00e1nsito vehicular se refiere a los letreros y s\u00edmbolos colocados en las carreteras para comunicar informaci\u00f3n crucial a los conductores y peatones. Estas se\u00f1ales est\u00e1n dise\u00f1adas con colores, formas y s\u00edmbolos espec\u00edficos, creando un lenguaje universal que trasciende las barreras ling\u00fc\u00edsticas y culturales.<\/p><h3 class=\"wp-block-heading\"><strong>Tipos de Se\u00f1ales de Tr\u00e1nsito<\/strong><\/h3><p><strong>1. Se\u00f1ales Reglamentarias:<\/strong> Estas se\u00f1ales indican leyes y regulaciones que los conductores deben seguir. Por ejemplo, los letreros de l\u00edmite de velocidad y las indicaciones de direcci\u00f3n son ejemplos de se\u00f1ales reglamentarias. Ignorar estas se\u00f1ales puede resultar en multas o sanciones.<\/p><p><strong>2. Se\u00f1ales de Advertencia:<\/strong> Las se\u00f1ales de advertencia alertan a los conductores sobre condiciones peligrosas o cambios en la carretera. Ejemplos comunes incluyen curvas pronunciadas, cruces de animales, o zonas de construcci\u00f3n. Prestar atenci\u00f3n a estas se\u00f1ales es esencial para evitar accidentes.<\/p><p><strong>3. Se\u00f1ales Informativas:<\/strong> Estas se\u00f1ales proporcionan informaci\u00f3n \u00fatil sobre destinos, servicios, y puntos de referencia. Por ejemplo, indican la distancia hasta la pr\u00f3xima gasolinera o salida de autopista. Conocer estas se\u00f1ales facilita la planificaci\u00f3n de viajes.<\/p><h3 class=\"wp-block-heading\"><strong>Conclusi\u00f3n<\/strong><\/h3><p>En conclusi\u00f3n, la se\u00f1al\u00e9tica de tr\u00e1nsito vehicular es un elemento fundamental para la seguridad en las carreteras. Comprender los diferentes tipos de se\u00f1ales, as\u00ed como los c\u00f3digos de colores y formas, es crucial para todos los conductores. Respetar y seguir estas indicaciones no solo cumple con las leyes de tr\u00e1nsito, sino que tambi\u00e9n contribuye a la creaci\u00f3n de entornos viales m\u00e1s seguros para todos. \u00a1Viajemos con responsabilidad y respeto por las se\u00f1ales que nos gu\u00edan en nuestro camino!<\/p><h3 class=\"wp-block-heading\" id=\"nuestras-redes-sociales\">Nuestras Redes Sociales<\/h3><p>Si aun tienes dudas de lo que hacemos, puedes revisar nuestras redes sociales como LinkedIN o Instagram, en el que podr\u00e1s estar actualizado con todas las obras que estamos desarrollando en la actualidad.<\/p><p><strong><em>Nuestras Redes Sociales &nbsp;<a href=\"https:\/\/www.instagram.com\/afin_suministros\/\"><\/a><a href=\"https:\/\/www.linkedin.com\/company\/73965968\/admin\/\">LinkedIn<\/a>&nbsp;\u2013&nbsp;<a href=\"https:\/\/www.instagram.com\/afin_suministros\/\">Instagram<\/a><\/em><\/strong><\/p>","protected":false},"excerpt":{"rendered":"<p>Se\u00f1al\u00e9tica de Tr\u00e1nsito Vehicular: Navegando por las Reglas de la Carretera<\/p>","protected":false},"author":1,"featured_media":1913,"comment_status":"open","ping_status":"open","sticky":false,"template":"","format":"standard","meta":{"footnotes":""},"categories":[1],"tags":[],"class_list":["post-1892","post","type-post","status-publish","format-standard","has-post-thumbnail","hentry","category-uncategorized"],"yoast_head":"<!-- This site is optimized with the Yoast SEO plugin v25.6 - https:\/\/yoast.com\/wordpress\/plugins\/seo\/ -->\n<title>Se\u00f1al\u00e9tica de Tr\u00e1nsito Vehicular - AFIN Suministros<\/title>\n<meta name=\"description\" content=\"Se\u00f1al\u00e9tica de Tr\u00e1nsito Vehicular: Navegando por las Reglas de la Carretera, adquiere nuestros productos y servicios en AFIN.cl o en\" \/>\n<meta name=\"robots\" content=\"index, follow, max-snippet:-1, max-image-preview:large, max-video-preview:-1\" \/>\n<link rel=\"canonical\" href=\"https:\/\/afinsuministros.cl\/en\/senaletica-de-transito-vehicular-2\/\" \/>\n<meta property=\"og:locale\" content=\"en_US\" \/>\n<meta property=\"og:type\" content=\"article\" \/>\n<meta property=\"og:title\" content=\"Se\u00f1al\u00e9tica de Tr\u00e1nsito Vehicular - AFIN Suministros\" \/>\n<meta property=\"og:description\" content=\"Se\u00f1al\u00e9tica de Tr\u00e1nsito Vehicular: Navegando por las Reglas de la Carretera, adquiere nuestros productos y servicios en AFIN.cl o en\" \/>\n<meta property=\"og:url\" content=\"https:\/\/afinsuministros.cl\/en\/senaletica-de-transito-vehicular-2\/\" \/>\n<meta property=\"og:site_name\" content=\"AFIN Suministros\" \/>\n<meta property=\"article:published_time\" content=\"2024-03-04T21:35:41+00:00\" \/>\n<meta property=\"article:modified_time\" content=\"2024-03-10T20:30:37+00:00\" \/>\n<meta property=\"og:image\" content=\"https:\/\/afinsuministros.cl\/wp-content\/uploads\/2024\/03\/Senaletica-de-Transito-Vehicular.jpg\" \/>\n\t<meta property=\"og:image:width\" content=\"720\" \/>\n\t<meta property=\"og:image:height\" content=\"500\" \/>\n\t<meta property=\"og:image:type\" content=\"image\/jpeg\" \/>\n<meta name=\"author\" content=\"afinadmin\" \/>\n<meta name=\"twitter:card\" content=\"summary_large_image\" \/>\n<meta name=\"twitter:label1\" content=\"Written by\" \/>\n\t<meta name=\"twitter:data1\" content=\"afinadmin\" \/>\n\t<meta name=\"twitter:label2\" content=\"Est. reading time\" \/>\n\t<meta name=\"twitter:data2\" content=\"2 minutes\" \/>\n<script type=\"application\/ld+json\" class=\"yoast-schema-graph\">{\"@context\":\"https:\/\/schema.org\",\"@graph\":[{\"@type\":\"Article\",\"@id\":\"https:\/\/afinsuministros.cl\/senaletica-de-transito-vehicular-2\/#article\",\"isPartOf\":{\"@id\":\"https:\/\/afinsuministros.cl\/senaletica-de-transito-vehicular-2\/\"},\"author\":{\"name\":\"afinadmin\",\"@id\":\"https:\/\/afinsuministros.cl\/#\/schema\/person\/35c87c09023694a30e8d1183a3250f81\"},\"headline\":\"Se\u00f1al\u00e9tica de Tr\u00e1nsito Vehicular\",\"datePublished\":\"2024-03-04T21:35:41+00:00\",\"dateModified\":\"2024-03-10T20:30:37+00:00\",\"mainEntityOfPage\":{\"@id\":\"https:\/\/afinsuministros.cl\/senaletica-de-transito-vehicular-2\/\"},\"wordCount\":436,\"commentCount\":0,\"publisher\":{\"@id\":\"https:\/\/afinsuministros.cl\/#organization\"},\"image\":{\"@id\":\"https:\/\/afinsuministros.cl\/senaletica-de-transito-vehicular-2\/#primaryimage\"},\"thumbnailUrl\":\"https:\/\/afinsuministros.cl\/wp-content\/uploads\/2024\/03\/Senaletica-de-Transito-Vehicular.jpg\",\"articleSection\":[\"Sin categor\u00eda\"],\"inLanguage\":\"en-US\",\"potentialAction\":[{\"@type\":\"CommentAction\",\"name\":\"Comment\",\"target\":[\"https:\/\/afinsuministros.cl\/senaletica-de-transito-vehicular-2\/#respond\"]}]},{\"@type\":\"WebPage\",\"@id\":\"https:\/\/afinsuministros.cl\/senaletica-de-transito-vehicular-2\/\",\"url\":\"https:\/\/afinsuministros.cl\/senaletica-de-transito-vehicular-2\/\",\"name\":\"Se\u00f1al\u00e9tica de Tr\u00e1nsito Vehicular - AFIN Suministros\",\"isPartOf\":{\"@id\":\"https:\/\/afinsuministros.cl\/#website\"},\"primaryImageOfPage\":{\"@id\":\"https:\/\/afinsuministros.cl\/senaletica-de-transito-vehicular-2\/#primaryimage\"},\"image\":{\"@id\":\"https:\/\/afinsuministros.cl\/senaletica-de-transito-vehicular-2\/#primaryimage\"},\"thumbnailUrl\":\"https:\/\/afinsuministros.cl\/wp-content\/uploads\/2024\/03\/Senaletica-de-Transito-Vehicular.jpg\",\"datePublished\":\"2024-03-04T21:35:41+00:00\",\"dateModified\":\"2024-03-10T20:30:37+00:00\",\"description\":\"Se\u00f1al\u00e9tica de Tr\u00e1nsito Vehicular: Navegando por las Reglas de la Carretera, adquiere nuestros productos y servicios en AFIN.cl o en\",\"breadcrumb\":{\"@id\":\"https:\/\/afinsuministros.cl\/senaletica-de-transito-vehicular-2\/#breadcrumb\"},\"inLanguage\":\"en-US\",\"potentialAction\":[{\"@type\":\"ReadAction\",\"target\":[\"https:\/\/afinsuministros.cl\/senaletica-de-transito-vehicular-2\/\"]}]},{\"@type\":\"ImageObject\",\"inLanguage\":\"en-US\",\"@id\":\"https:\/\/afinsuministros.cl\/senaletica-de-transito-vehicular-2\/#primaryimage\",\"url\":\"https:\/\/afinsuministros.cl\/wp-content\/uploads\/2024\/03\/Senaletica-de-Transito-Vehicular.jpg\",\"contentUrl\":\"https:\/\/afinsuministros.cl\/wp-content\/uploads\/2024\/03\/Senaletica-de-Transito-Vehicular.jpg\",\"width\":720,\"height\":500,\"caption\":\"Se\u00f1al\u00e9tica de Tr\u00e1nsito Vehicular\"},{\"@type\":\"BreadcrumbList\",\"@id\":\"https:\/\/afinsuministros.cl\/senaletica-de-transito-vehicular-2\/#breadcrumb\",\"itemListElement\":[{\"@type\":\"ListItem\",\"position\":1,\"name\":\"Portada\",\"item\":\"https:\/\/afinsuministros.cl\/\"},{\"@type\":\"ListItem\",\"position\":2,\"name\":\"Se\u00f1al\u00e9tica de Tr\u00e1nsito Vehicular\"}]},{\"@type\":\"WebSite\",\"@id\":\"https:\/\/afinsuministros.cl\/#website\",\"url\":\"https:\/\/afinsuministros.cl\/\",\"name\":\"AFIN Suministros\",\"description\":\"Lo mejor en suministros de construcci\u00f3n\",\"publisher\":{\"@id\":\"https:\/\/afinsuministros.cl\/#organization\"},\"potentialAction\":[{\"@type\":\"SearchAction\",\"target\":{\"@type\":\"EntryPoint\",\"urlTemplate\":\"https:\/\/afinsuministros.cl\/?s={search_term_string}\"},\"query-input\":{\"@type\":\"PropertyValueSpecification\",\"valueRequired\":true,\"valueName\":\"search_term_string\"}}],\"inLanguage\":\"en-US\"},{\"@type\":\"Organization\",\"@id\":\"https:\/\/afinsuministros.cl\/#organization\",\"name\":\"AFIN Suministros\",\"url\":\"https:\/\/afinsuministros.cl\/\",\"logo\":{\"@type\":\"ImageObject\",\"inLanguage\":\"en-US\",\"@id\":\"https:\/\/afinsuministros.cl\/#\/schema\/logo\/image\/\",\"url\":\"https:\/\/afinsuministros.cl\/wp-content\/uploads\/2020\/11\/cropped-Logo-e1606193532755.png\",\"contentUrl\":\"https:\/\/afinsuministros.cl\/wp-content\/uploads\/2020\/11\/cropped-Logo-e1606193532755.png\",\"width\":200,\"height\":64,\"caption\":\"AFIN Suministros\"},\"image\":{\"@id\":\"https:\/\/afinsuministros.cl\/#\/schema\/logo\/image\/\"}},{\"@type\":\"Person\",\"@id\":\"https:\/\/afinsuministros.cl\/#\/schema\/person\/35c87c09023694a30e8d1183a3250f81\",\"name\":\"afinadmin\",\"image\":{\"@type\":\"ImageObject\",\"inLanguage\":\"en-US\",\"@id\":\"https:\/\/afinsuministros.cl\/#\/schema\/person\/image\/\",\"url\":\"https:\/\/secure.gravatar.com\/avatar\/f457a354c85c8dc614a750707dddce3e?s=96&d=mm&r=g\",\"contentUrl\":\"https:\/\/secure.gravatar.com\/avatar\/f457a354c85c8dc614a750707dddce3e?s=96&d=mm&r=g\",\"caption\":\"afinadmin\"},\"sameAs\":[\"https:\/\/afinsuministros.cl\"],\"url\":\"https:\/\/afinsuministros.cl\/en\/author\/afinadmin\/\"}]}<\/script>\n<!-- \/ Yoast SEO plugin. -->","yoast_head_json":{"title":"Se\u00f1al\u00e9tica de Tr\u00e1nsito Vehicular - AFIN Suministros","description":"Se\u00f1al\u00e9tica de Tr\u00e1nsito Vehicular: Navegando por las Reglas de la Carretera, adquiere nuestros productos y servicios en AFIN.cl o en","robots":{"index":"index","follow":"follow","max-snippet":"max-snippet:-1","max-image-preview":"max-image-preview:large","max-video-preview":"max-video-preview:-1"},"canonical":"https:\/\/afinsuministros.cl\/en\/senaletica-de-transito-vehicular-2\/","og_locale":"en_US","og_type":"article","og_title":"Se\u00f1al\u00e9tica de Tr\u00e1nsito Vehicular - AFIN Suministros","og_description":"Se\u00f1al\u00e9tica de Tr\u00e1nsito Vehicular: Navegando por las Reglas de la Carretera, adquiere nuestros productos y servicios en AFIN.cl o en","og_url":"https:\/\/afinsuministros.cl\/en\/senaletica-de-transito-vehicular-2\/","og_site_name":"AFIN Suministros","article_published_time":"2024-03-04T21:35:41+00:00","article_modified_time":"2024-03-10T20:30:37+00:00","og_image":[{"width":720,"height":500,"url":"https:\/\/afinsuministros.cl\/wp-content\/uploads\/2024\/03\/Senaletica-de-Transito-Vehicular.jpg","type":"image\/jpeg"}],"author":"afinadmin","twitter_card":"summary_large_image","twitter_misc":{"Written by":"afinadmin","Est. reading time":"2 minutes"},"schema":{"@context":"https:\/\/schema.org","@graph":[{"@type":"Article","@id":"https:\/\/afinsuministros.cl\/senaletica-de-transito-vehicular-2\/#article","isPartOf":{"@id":"https:\/\/afinsuministros.cl\/senaletica-de-transito-vehicular-2\/"},"author":{"name":"afinadmin","@id":"https:\/\/afinsuministros.cl\/#\/schema\/person\/35c87c09023694a30e8d1183a3250f81"},"headline":"Se\u00f1al\u00e9tica de Tr\u00e1nsito Vehicular","datePublished":"2024-03-04T21:35:41+00:00","dateModified":"2024-03-10T20:30:37+00:00","mainEntityOfPage":{"@id":"https:\/\/afinsuministros.cl\/senaletica-de-transito-vehicular-2\/"},"wordCount":436,"commentCount":0,"publisher":{"@id":"https:\/\/afinsuministros.cl\/#organization"},"image":{"@id":"https:\/\/afinsuministros.cl\/senaletica-de-transito-vehicular-2\/#primaryimage"},"thumbnailUrl":"https:\/\/afinsuministros.cl\/wp-content\/uploads\/2024\/03\/Senaletica-de-Transito-Vehicular.jpg","articleSection":["Sin categor\u00eda"],"inLanguage":"en-US","potentialAction":[{"@type":"CommentAction","name":"Comment","target":["https:\/\/afinsuministros.cl\/senaletica-de-transito-vehicular-2\/#respond"]}]},{"@type":"WebPage","@id":"https:\/\/afinsuministros.cl\/senaletica-de-transito-vehicular-2\/","url":"https:\/\/afinsuministros.cl\/senaletica-de-transito-vehicular-2\/","name":"Se\u00f1al\u00e9tica de Tr\u00e1nsito Vehicular - AFIN Suministros","isPartOf":{"@id":"https:\/\/afinsuministros.cl\/#website"},"primaryImageOfPage":{"@id":"https:\/\/afinsuministros.cl\/senaletica-de-transito-vehicular-2\/#primaryimage"},"image":{"@id":"https:\/\/afinsuministros.cl\/senaletica-de-transito-vehicular-2\/#primaryimage"},"thumbnailUrl":"https:\/\/afinsuministros.cl\/wp-content\/uploads\/2024\/03\/Senaletica-de-Transito-Vehicular.jpg","datePublished":"2024-03-04T21:35:41+00:00","dateModified":"2024-03-10T20:30:37+00:00","description":"Se\u00f1al\u00e9tica de Tr\u00e1nsito Vehicular: Navegando por las Reglas de la Carretera, adquiere nuestros productos y servicios en AFIN.cl o en","breadcrumb":{"@id":"https:\/\/afinsuministros.cl\/senaletica-de-transito-vehicular-2\/#breadcrumb"},"inLanguage":"en-US","potentialAction":[{"@type":"ReadAction","target":["https:\/\/afinsuministros.cl\/senaletica-de-transito-vehicular-2\/"]}]},{"@type":"ImageObject","inLanguage":"en-US","@id":"https:\/\/afinsuministros.cl\/senaletica-de-transito-vehicular-2\/#primaryimage","url":"https:\/\/afinsuministros.cl\/wp-content\/uploads\/2024\/03\/Senaletica-de-Transito-Vehicular.jpg","contentUrl":"https:\/\/afinsuministros.cl\/wp-content\/uploads\/2024\/03\/Senaletica-de-Transito-Vehicular.jpg","width":720,"height":500,"caption":"Se\u00f1al\u00e9tica de Tr\u00e1nsito Vehicular"},{"@type":"BreadcrumbList","@id":"https:\/\/afinsuministros.cl\/senaletica-de-transito-vehicular-2\/#breadcrumb","itemListElement":[{"@type":"ListItem","position":1,"name":"Portada","item":"https:\/\/afinsuministros.cl\/"},{"@type":"ListItem","position":2,"name":"Se\u00f1al\u00e9tica de Tr\u00e1nsito Vehicular"}]},{"@type":"WebSite","@id":"https:\/\/afinsuministros.cl\/#website","url":"https:\/\/afinsuministros.cl\/","name":"AFIN Suministros","description":"Lo mejor en suministros de construcci\u00f3n","publisher":{"@id":"https:\/\/afinsuministros.cl\/#organization"},"potentialAction":[{"@type":"SearchAction","target":{"@type":"EntryPoint","urlTemplate":"https:\/\/afinsuministros.cl\/?s={search_term_string}"},"query-input":{"@type":"PropertyValueSpecification","valueRequired":true,"valueName":"search_term_string"}}],"inLanguage":"en-US"},{"@type":"Organization","@id":"https:\/\/afinsuministros.cl\/#organization","name":"AFIN Suministros","url":"https:\/\/afinsuministros.cl\/","logo":{"@type":"ImageObject","inLanguage":"en-US","@id":"https:\/\/afinsuministros.cl\/#\/schema\/logo\/image\/","url":"https:\/\/afinsuministros.cl\/wp-content\/uploads\/2020\/11\/cropped-Logo-e1606193532755.png","contentUrl":"https:\/\/afinsuministros.cl\/wp-content\/uploads\/2020\/11\/cropped-Logo-e1606193532755.png","width":200,"height":64,"caption":"AFIN Suministros"},"image":{"@id":"https:\/\/afinsuministros.cl\/#\/schema\/logo\/image\/"}},{"@type":"Person","@id":"https:\/\/afinsuministros.cl\/#\/schema\/person\/35c87c09023694a30e8d1183a3250f81","name":"afinadmin","image":{"@type":"ImageObject","inLanguage":"en-US","@id":"https:\/\/afinsuministros.cl\/#\/schema\/person\/image\/","url":"https:\/\/secure.gravatar.com\/avatar\/f457a354c85c8dc614a750707dddce3e?s=96&d=mm&r=g","contentUrl":"https:\/\/secure.gravatar.com\/avatar\/f457a354c85c8dc614a750707dddce3e?s=96&d=mm&r=g","caption":"afinadmin"},"sameAs":["https:\/\/afinsuministros.cl"],"url":"https:\/\/afinsuministros.cl\/en\/author\/afinadmin\/"}]}},"_links":{"self":[{"href":"https:\/\/afinsuministros.cl\/en\/wp-json\/wp\/v2\/posts\/1892"}],"collection":[{"href":"https:\/\/afinsuministros.cl\/en\/wp-json\/wp\/v2\/posts"}],"about":[{"href":"https:\/\/afinsuministros.cl\/en\/wp-json\/wp\/v2\/types\/post"}],"author":[{"embeddable":true,"href":"https:\/\/afinsuministros.cl\/en\/wp-json\/wp\/v2\/users\/1"}],"replies":[{"embeddable":true,"href":"https:\/\/afinsuministros.cl\/en\/wp-json\/wp\/v2\/comments?post=1892"}],"version-history":[{"count":1,"href":"https:\/\/afinsuministros.cl\/en\/wp-json\/wp\/v2\/posts\/1892\/revisions"}],"predecessor-version":[{"id":1893,"href":"https:\/\/afinsuministros.cl\/en\/wp-json\/wp\/v2\/posts\/1892\/revisions\/1893"}],"wp:featuredmedia":[{"embeddable":true,"href":"https:\/\/afinsuministros.cl\/en\/wp-json\/wp\/v2\/media\/1913"}],"wp:attachment":[{"href":"https:\/\/afinsuministros.cl\/en\/wp-json\/wp\/v2\/media?parent=1892"}],"wp:term":[{"taxonomy":"category","embeddable":true,"href":"https:\/\/afinsuministros.cl\/en\/wp-json\/wp\/v2\/categories?post=1892"},{"taxonomy":"post_tag","embeddable":true,"href":"https:\/\/afinsuministros.cl\/en\/wp-json\/wp\/v2\/tags?post=1892"}],"curies":[{"name":"wp","href":"https:\/\/api.w.org\/{rel}","templated":true}]}}